{"id":1523,"date":"2025-03-31T14:51:01","date_gmt":"2025-03-31T12:51:01","guid":{"rendered":"https:\/\/poleasingowe.pl\/blog\/?p=1523"},"modified":"2025-03-31T16:16:39","modified_gmt":"2025-03-31T14:16:39","slug":"szkola-przyladek","status":"publish","type":"post","link":"https:\/\/poleasingowe.pl\/blog\/szkola-przyladek\/","title":{"rendered":"Wizyta w szkole \u201ePrzyl\u0105dek\u201d w Pruszkowie \u2013 wsparcie dla dzieci ze spektrum autyzmu"},"content":{"rendered":"\n<h2 id=\"subHeading-1\" class=\"wp-block-heading\" id=\"h-szkola-ktora-zmienia-zycie\">Szko\u0142a, kt\u00f3ra zmienia \u017cycie<\/h2>\n\n\n\n<p>20 marca odwiedzili\u015bmy miejsce, kt\u00f3re zostawia po sobie co\u015b wi\u0119cej ni\u017c dobre wra\u017cenie. Niepubliczna Szko\u0142a Podstawowa \u201e<a href=\"https:\/\/przyladek.org.pl\/\">Przyl\u0105dek<\/a>\u201d w Pruszkowie to wyj\u0105tkowa przestrze\u0144 stworzona z my\u015bl\u0105 o dzieciach ze spektrum autyzmu. To tu, w ma\u0142ych klasach, z ogromnym wsparciem zaanga\u017cowanej kadry, dzieci ucz\u0105 si\u0119, rozwijaj\u0105 i buduj\u0105 swoje poczucie bezpiecze\u0144stwa.<\/p>\n\n\n\n<h2 id=\"subHeading-2\" class=\"wp-block-heading\">Edukacja z trosk\u0105 i sercem<\/h2>\n\n\n\n<figure class=\"wp-block-image size-large\"><img loading=\"lazy\" decoding=\"async\" width=\"900\" height=\"900\" src=\"http:\/\/poleasingowe.pl\/blog\/wp-content\/uploads\/2025\/03\/ZDJECIA-NA-BLOGA-7-900x900.jpg\" alt=\"Artur Kopania w sali terapeutycznej szko\u0142y dla dzieci ze spektrum autyzmu \u201ePrzyl\u0105dek\u201d w Pruszkowie \u2013 w tle \u015bcianka wspinaczkowa i sprz\u0119t rehabilitacyjny.\" class=\"wp-image-1527\" srcset=\"https:\/\/poleasingowe.pl\/blog\/wp-content\/uploads\/2025\/03\/ZDJECIA-NA-BLOGA-7-900x900.jpg 900w, https:\/\/poleasingowe.pl\/blog\/wp-content\/uploads\/2025\/03\/ZDJECIA-NA-BLOGA-7-510x510.jpg 510w, https:\/\/poleasingowe.pl\/blog\/wp-content\/uploads\/2025\/03\/ZDJECIA-NA-BLOGA-7-150x150.jpg 150w, https:\/\/poleasingowe.pl\/blog\/wp-content\/uploads\/2025\/03\/ZDJECIA-NA-BLOGA-7-768x768.jpg 768w, https:\/\/poleasingowe.pl\/blog\/wp-content\/uploads\/2025\/03\/ZDJECIA-NA-BLOGA-7.jpg 1050w\" sizes=\"(max-width: 900px) 100vw, 900px\" \/><\/figure>\n\n\n\n<p>Od samego pocz\u0105tku czuli\u015bmy, \u017ce jeste\u015bmy w miejscu, gdzie ka\u017cde dziecko jest traktowane indywidualnie, z trosk\u0105 i zrozumieniem. Tu nie ma przypadkowo\u015bci \u2013 jest za to ogromna uwa\u017cno\u015b\u0107, codzienna praca i prawdziwe efekty, kt\u00f3re wida\u0107 w oczach dzieci i spokoju rodzic\u00f3w.<\/p>\n\n\n\n<p>Podczas naszej wizyty mieli\u015bmy okazj\u0119 bli\u017cej pozna\u0107 szko\u0142\u0119. Zostali\u015bmy oprowadzeni po salach, w kt\u00f3rych odbywaj\u0105 si\u0119 zaj\u0119cia oraz dowiedzieli\u015bmy si\u0119, jak dok\u0142adnie wygl\u0105da opieka nad dzie\u0107mi. Opowiedziano nam o metodach pracy, specjalistycznych zaj\u0119ciach terapeutycznych oraz codziennych dzia\u0142aniach, kt\u00f3re pomagaj\u0105 uczniom rozwija\u0107 umiej\u0119tno\u015bci spo\u0142eczne, komunikacyjne i edukacyjne. Wra\u017cenie zrobi\u0142a na nas atmosfera pe\u0142na ciep\u0142a, cierpliwo\u015bci i zrozumienia \u2013 bezcenna dla rozwoju dzieci ze spektrum autyzmu.<\/p>\n\n\n\n<h2 id=\"subHeading-3\" class=\"wp-block-heading\">Razem mo\u017cemy wi\u0119cej<\/h2>\n\n\n\n<figure class=\"wp-block-image size-large\"><img loading=\"lazy\" decoding=\"async\" width=\"900\" height=\"900\" src=\"http:\/\/poleasingowe.pl\/blog\/wp-content\/uploads\/2025\/03\/ZDJECIA-NA-BLOGA-8-900x900.jpg\" alt=\"Fasada szko\u0142y podstawowej \u201ePrzyl\u0105dek\u201d w Pruszkowie, specjalizuj\u0105cej si\u0119 w edukacji dzieci ze spektrum autyzmu \u2013 na pierwszym planie zielony samoch\u00f3d.\" class=\"wp-image-1528\" srcset=\"https:\/\/poleasingowe.pl\/blog\/wp-content\/uploads\/2025\/03\/ZDJECIA-NA-BLOGA-8-900x900.jpg 900w, https:\/\/poleasingowe.pl\/blog\/wp-content\/uploads\/2025\/03\/ZDJECIA-NA-BLOGA-8-510x510.jpg 510w, https:\/\/poleasingowe.pl\/blog\/wp-content\/uploads\/2025\/03\/ZDJECIA-NA-BLOGA-8-150x150.jpg 150w, https:\/\/poleasingowe.pl\/blog\/wp-content\/uploads\/2025\/03\/ZDJECIA-NA-BLOGA-8-768x768.jpg 768w, https:\/\/poleasingowe.pl\/blog\/wp-content\/uploads\/2025\/03\/ZDJECIA-NA-BLOGA-8.jpg 1050w\" sizes=\"(max-width: 900px) 100vw, 900px\" \/><\/figure>\n\n\n\n<p>Dlatego w\u0142a\u015bnie chcemy dzia\u0142a\u0107.<\/p>\n\n\n\n<p>Ju\u017c nied\u0142ugo, we wsp\u00f3\u0142pracy z niesamowitymi lud\u017ami, ruszamy z inicjatyw\u0105, kt\u00f3ra ma jeden cel \u2013 realnie pom\u00f3c szkole \u201ePrzyl\u0105dek\u201d w stworzeniu czego\u015b naprawd\u0119 wa\u017cnego. To nie b\u0119dzie jednorazowy gest, ale cz\u0119\u015b\u0107 wi\u0119kszej historii, kt\u00f3r\u0105 wsp\u00f3lnie napiszemy.<\/p>\n\n\n\n<p>Szczeg\u00f3\u0142y zdradzimy wkr\u00f3tce, ale dzi\u015b ju\u017c wiemy jedno: jeste\u015bmy na pok\u0142adzie i damy z siebie wszystko. Bo takie miejsca po prostu warto wspiera\u0107.<\/p>\n","protected":false},"excerpt":{"rendered":"<p>Szko\u0142a, kt\u00f3ra zmienia \u017cycie 20 marca odwiedzili\u015bmy miejsce, kt\u00f3re zostawia po sobie co\u015b wi\u0119cej ni\u017c dobre wra\u017cenie. Niepubliczna Szko\u0142a Podstawowa \u201ePrzyl\u0105dek\u201d w Pruszkowie to wyj\u0105tkowa przestrze\u0144 stworzona z my\u015bl\u0105 o dzieciach ze spektrum autyzmu. To tu, w ma\u0142ych klasach, z ogromnym wsparciem zaanga\u017cowanej kadry, dzieci ucz\u0105 si\u0119, rozwijaj\u0105 i buduj\u0105 swoje poczucie bezpiecze\u0144stwa. Edukacja z [&hellip;]<\/p>\n","protected":false},"author":10,"featured_media":1531,"comment_status":"open","ping_status":"open","sticky":false,"template":"","format":"standard","meta":{"footnotes":""},"categories":[63],"tags":[332,331,337,333,336,334,335],"class_list":["post-1523","post","type-post","status-publish","format-standard","has-post-thumbnail","hentry","category-csr","tag-dzieci-ze-spektrum-autyzmu","tag-edukacja-specjalna","tag-pomoc-edukacyjna","tag-rozwoj-dzieci-autyzm","tag-szkola-przyladek-pruszkow","tag-szkola-specjalna","tag-wsparcie-dla-szkol"],"yoast_head":"<!-- This site is optimized with the Yoast SEO Premium plugin v24.4 (Yoast SEO v24.4) - https:\/\/yoast.com\/wordpress\/plugins\/seo\/ -->\n<title>Szko\u0142a \u201ePrzyl\u0105dek\u201d \u2013 wsparcie dla dzieci ze spektrum autyzmu<\/title>\n<meta name=\"description\" content=\"Odwiedzili\u015bmy szko\u0142\u0119 \u201ePrzyl\u0105dek\u201d w Pruszkowie, kt\u00f3ra wspiera dzieci ze spektrum autyzmu. Zobaczyli\u015bmy, jak wygl\u0105da nauka, terapia i codzienne \u017cycie uczni\u00f3w.\" \/>\n<meta name=\"robots\" content=\"index, follow, max-snippet:-1, max-image-preview:large, max-video-preview:-1\" \/>\n<link rel=\"canonical\" href=\"https:\/\/poleasingowe.pl\/blog\/szkola-przyladek\/\" \/>\n<meta property=\"og:locale\" content=\"pl_PL\" \/>\n<meta property=\"og:type\" content=\"article\" \/>\n<meta property=\"og:title\" content=\"Wizyta w szkole \u201ePrzyl\u0105dek\u201d w Pruszkowie \u2013 wsparcie dla dzieci ze spektrum autyzmu\" \/>\n<meta property=\"og:description\" content=\"Odwiedzili\u015bmy szko\u0142\u0119 \u201ePrzyl\u0105dek\u201d w Pruszkowie, kt\u00f3ra wspiera dzieci ze spektrum autyzmu. Zobaczyli\u015bmy, jak wygl\u0105da nauka, terapia i codzienne \u017cycie uczni\u00f3w.\" \/>\n<meta property=\"og:url\" content=\"https:\/\/poleasingowe.pl\/blog\/szkola-przyladek\/\" \/>\n<meta property=\"og:site_name\" content=\"Blog Poleasingowe.pl\" \/>\n<meta property=\"article:publisher\" content=\"https:\/\/www.facebook.com\/poleasingowepl\" \/>\n<meta property=\"article:published_time\" content=\"2025-03-31T12:51:01+00:00\" \/>\n<meta property=\"article:modified_time\" content=\"2025-03-31T14:16:39+00:00\" \/>\n<meta property=\"og:image\" content=\"http:\/\/poleasingowe.pl\/blog\/wp-content\/uploads\/2025\/03\/ZDJECIA-NA-BLOGA-10.jpg\" \/>\n\t<meta property=\"og:image:width\" content=\"1050\" \/>\n\t<meta property=\"og:image:height\" content=\"1050\" \/>\n\t<meta property=\"og:image:type\" content=\"image\/jpeg\" \/>\n<meta name=\"author\" content=\"p.stachura\" \/>\n<meta name=\"twitter:card\" content=\"summary_large_image\" \/>\n<meta name=\"twitter:label1\" content=\"Napisane przez\" \/>\n\t<meta name=\"twitter:data1\" content=\"p.stachura\" \/>\n\t<meta name=\"twitter:label2\" content=\"Szacowany czas czytania\" \/>\n\t<meta name=\"twitter:data2\" content=\"2 minuty\" \/>\n<script type=\"application\/ld+json\" class=\"yoast-schema-graph\">{\"@context\":\"https:\/\/schema.org\",\"@graph\":[{\"@type\":\"Article\",\"@id\":\"https:\/\/poleasingowe.pl\/blog\/szkola-przyladek\/#article\",\"isPartOf\":{\"@id\":\"https:\/\/poleasingowe.pl\/blog\/szkola-przyladek\/\"},\"author\":{\"name\":\"p.stachura\",\"@id\":\"https:\/\/poleasingowe.pl\/blog\/#\/schema\/person\/9c7a8e428c930dead255ff5186a27526\"},\"headline\":\"Wizyta w szkole \u201ePrzyl\u0105dek\u201d w Pruszkowie \u2013 wsparcie dla dzieci ze spektrum autyzmu\",\"datePublished\":\"2025-03-31T12:51:01+00:00\",\"dateModified\":\"2025-03-31T14:16:39+00:00\",\"mainEntityOfPage\":{\"@id\":\"https:\/\/poleasingowe.pl\/blog\/szkola-przyladek\/\"},\"wordCount\":299,\"commentCount\":0,\"publisher\":{\"@id\":\"https:\/\/poleasingowe.pl\/blog\/#organization\"},\"image\":{\"@id\":\"https:\/\/poleasingowe.pl\/blog\/szkola-przyladek\/#primaryimage\"},\"thumbnailUrl\":\"https:\/\/poleasingowe.pl\/blog\/wp-content\/uploads\/2025\/03\/ZDJECIA-NA-BLOGA-10.jpg\",\"keywords\":[\"dzieci ze spektrum autyzmu\",\"edukacja specjalna\",\"pomoc edukacyjna\",\"rozw\u00f3j dzieci autyzm\",\"szko\u0142a Przyl\u0105dek Pruszk\u00f3w\",\"szko\u0142a specjalna\",\"wsparcie dla szk\u00f3\u0142\"],\"articleSection\":[\"CSR\"],\"inLanguage\":\"pl-PL\",\"potentialAction\":[{\"@type\":\"CommentAction\",\"name\":\"Comment\",\"target\":[\"https:\/\/poleasingowe.pl\/blog\/szkola-przyladek\/#respond\"]}]},{\"@type\":\"WebPage\",\"@id\":\"https:\/\/poleasingowe.pl\/blog\/szkola-przyladek\/\",\"url\":\"https:\/\/poleasingowe.pl\/blog\/szkola-przyladek\/\",\"name\":\"Szko\u0142a \u201ePrzyl\u0105dek\u201d \u2013 wsparcie dla dzieci ze spektrum autyzmu\",\"isPartOf\":{\"@id\":\"https:\/\/poleasingowe.pl\/blog\/#website\"},\"primaryImageOfPage\":{\"@id\":\"https:\/\/poleasingowe.pl\/blog\/szkola-przyladek\/#primaryimage\"},\"image\":{\"@id\":\"https:\/\/poleasingowe.pl\/blog\/szkola-przyladek\/#primaryimage\"},\"thumbnailUrl\":\"https:\/\/poleasingowe.pl\/blog\/wp-content\/uploads\/2025\/03\/ZDJECIA-NA-BLOGA-10.jpg\",\"datePublished\":\"2025-03-31T12:51:01+00:00\",\"dateModified\":\"2025-03-31T14:16:39+00:00\",\"description\":\"Odwiedzili\u015bmy szko\u0142\u0119 \u201ePrzyl\u0105dek\u201d w Pruszkowie, kt\u00f3ra wspiera dzieci ze spektrum autyzmu. Zobaczyli\u015bmy, jak wygl\u0105da nauka, terapia i codzienne \u017cycie uczni\u00f3w.\",\"breadcrumb\":{\"@id\":\"https:\/\/poleasingowe.pl\/blog\/szkola-przyladek\/#breadcrumb\"},\"inLanguage\":\"pl-PL\",\"potentialAction\":[{\"@type\":\"ReadAction\",\"target\":[\"https:\/\/poleasingowe.pl\/blog\/szkola-przyladek\/\"]}]},{\"@type\":\"ImageObject\",\"inLanguage\":\"pl-PL\",\"@id\":\"https:\/\/poleasingowe.pl\/blog\/szkola-przyladek\/#primaryimage\",\"url\":\"https:\/\/poleasingowe.pl\/blog\/wp-content\/uploads\/2025\/03\/ZDJECIA-NA-BLOGA-10.jpg\",\"contentUrl\":\"https:\/\/poleasingowe.pl\/blog\/wp-content\/uploads\/2025\/03\/ZDJECIA-NA-BLOGA-10.jpg\",\"width\":1050,\"height\":1050,\"caption\":\"Widok z lotu ptaka na budynek szko\u0142y podstawowej \u201ePrzyl\u0105dek\u201d dla dzieci ze spektrum autyzmu w Pruszkowie, z podpisem informuj\u0105cym o wizycie przedstawicieli poleasingowe.pl.\"},{\"@type\":\"BreadcrumbList\",\"@id\":\"https:\/\/poleasingowe.pl\/blog\/szkola-przyladek\/#breadcrumb\",\"itemListElement\":[{\"@type\":\"ListItem\",\"position\":1,\"name\":\"Strona g\u0142\u00f3wna\",\"item\":\"https:\/\/poleasingowe.pl\/blog\/\"},{\"@type\":\"ListItem\",\"position\":2,\"name\":\"Wizyta w szkole \u201ePrzyl\u0105dek\u201d w Pruszkowie \u2013 wsparcie dla dzieci ze spektrum autyzmu\"}]},{\"@type\":\"WebSite\",\"@id\":\"https:\/\/poleasingowe.pl\/blog\/#website\",\"url\":\"https:\/\/poleasingowe.pl\/blog\/\",\"name\":\"Blog Poleasingowe.pl\",\"description\":\"Blog Poleasingowe.pl\",\"publisher\":{\"@id\":\"https:\/\/poleasingowe.pl\/blog\/#organization\"},\"potentialAction\":[{\"@type\":\"SearchAction\",\"target\":{\"@type\":\"EntryPoint\",\"urlTemplate\":\"https:\/\/poleasingowe.pl\/blog\/?s={search_term_string}\"},\"query-input\":{\"@type\":\"PropertyValueSpecification\",\"valueRequired\":true,\"valueName\":\"search_term_string\"}}],\"inLanguage\":\"pl-PL\"},{\"@type\":\"Organization\",\"@id\":\"https:\/\/poleasingowe.pl\/blog\/#organization\",\"name\":\"Blog Poleasingowe.pl\",\"url\":\"https:\/\/poleasingowe.pl\/blog\/\",\"logo\":{\"@type\":\"ImageObject\",\"inLanguage\":\"pl-PL\",\"@id\":\"https:\/\/poleasingowe.pl\/blog\/#\/schema\/logo\/image\/\",\"url\":\"https:\/\/poleasingowe.pl\/blog\/wp-content\/uploads\/2024\/11\/cropped-fav_red_white.png\",\"contentUrl\":\"https:\/\/poleasingowe.pl\/blog\/wp-content\/uploads\/2024\/11\/cropped-fav_red_white.png\",\"width\":512,\"height\":512,\"caption\":\"Blog Poleasingowe.pl\"},\"image\":{\"@id\":\"https:\/\/poleasingowe.pl\/blog\/#\/schema\/logo\/image\/\"},\"sameAs\":[\"https:\/\/www.facebook.com\/poleasingowepl\",\"https:\/\/www.linkedin.com\/showcase\/poleasingowepl\/\",\"https:\/\/www.instagram.com\/poleasingowe.pl\/\"]},{\"@type\":\"Person\",\"@id\":\"https:\/\/poleasingowe.pl\/blog\/#\/schema\/person\/9c7a8e428c930dead255ff5186a27526\",\"name\":\"p.stachura\",\"image\":{\"@type\":\"ImageObject\",\"inLanguage\":\"pl-PL\",\"@id\":\"https:\/\/poleasingowe.pl\/blog\/#\/schema\/person\/image\/\",\"url\":\"https:\/\/secure.gravatar.com\/avatar\/2c3c31054b5086876be4686fc256ac9d?s=96&d=mm&r=g\",\"contentUrl\":\"https:\/\/secure.gravatar.com\/avatar\/2c3c31054b5086876be4686fc256ac9d?s=96&d=mm&r=g\",\"caption\":\"p.stachura\"},\"url\":\"https:\/\/poleasingowe.pl\/blog\/author\/p-stachura\/\"}]}<\/script>\n<!-- \/ Yoast SEO Premium plugin. -->","yoast_head_json":{"title":"Szko\u0142a \u201ePrzyl\u0105dek\u201d \u2013 wsparcie dla dzieci ze spektrum autyzmu","description":"Odwiedzili\u015bmy szko\u0142\u0119 \u201ePrzyl\u0105dek\u201d w Pruszkowie, kt\u00f3ra wspiera dzieci ze spektrum autyzmu. Zobaczyli\u015bmy, jak wygl\u0105da nauka, terapia i codzienne \u017cycie uczni\u00f3w.","robots":{"index":"index","follow":"follow","max-snippet":"max-snippet:-1","max-image-preview":"max-image-preview:large","max-video-preview":"max-video-preview:-1"},"canonical":"https:\/\/poleasingowe.pl\/blog\/szkola-przyladek\/","og_locale":"pl_PL","og_type":"article","og_title":"Wizyta w szkole \u201ePrzyl\u0105dek\u201d w Pruszkowie \u2013 wsparcie dla dzieci ze spektrum autyzmu","og_description":"Odwiedzili\u015bmy szko\u0142\u0119 \u201ePrzyl\u0105dek\u201d w Pruszkowie, kt\u00f3ra wspiera dzieci ze spektrum autyzmu. Zobaczyli\u015bmy, jak wygl\u0105da nauka, terapia i codzienne \u017cycie uczni\u00f3w.","og_url":"https:\/\/poleasingowe.pl\/blog\/szkola-przyladek\/","og_site_name":"Blog Poleasingowe.pl","article_publisher":"https:\/\/www.facebook.com\/poleasingowepl","article_published_time":"2025-03-31T12:51:01+00:00","article_modified_time":"2025-03-31T14:16:39+00:00","og_image":[{"width":1050,"height":1050,"url":"http:\/\/poleasingowe.pl\/blog\/wp-content\/uploads\/2025\/03\/ZDJECIA-NA-BLOGA-10.jpg","type":"image\/jpeg"}],"author":"p.stachura","twitter_card":"summary_large_image","twitter_misc":{"Napisane przez":"p.stachura","Szacowany czas czytania":"2 minuty"},"schema":{"@context":"https:\/\/schema.org","@graph":[{"@type":"Article","@id":"https:\/\/poleasingowe.pl\/blog\/szkola-przyladek\/#article","isPartOf":{"@id":"https:\/\/poleasingowe.pl\/blog\/szkola-przyladek\/"},"author":{"name":"p.stachura","@id":"https:\/\/poleasingowe.pl\/blog\/#\/schema\/person\/9c7a8e428c930dead255ff5186a27526"},"headline":"Wizyta w szkole \u201ePrzyl\u0105dek\u201d w Pruszkowie \u2013 wsparcie dla dzieci ze spektrum autyzmu","datePublished":"2025-03-31T12:51:01+00:00","dateModified":"2025-03-31T14:16:39+00:00","mainEntityOfPage":{"@id":"https:\/\/poleasingowe.pl\/blog\/szkola-przyladek\/"},"wordCount":299,"commentCount":0,"publisher":{"@id":"https:\/\/poleasingowe.pl\/blog\/#organization"},"image":{"@id":"https:\/\/poleasingowe.pl\/blog\/szkola-przyladek\/#primaryimage"},"thumbnailUrl":"https:\/\/poleasingowe.pl\/blog\/wp-content\/uploads\/2025\/03\/ZDJECIA-NA-BLOGA-10.jpg","keywords":["dzieci ze spektrum autyzmu","edukacja specjalna","pomoc edukacyjna","rozw\u00f3j dzieci autyzm","szko\u0142a Przyl\u0105dek Pruszk\u00f3w","szko\u0142a specjalna","wsparcie dla szk\u00f3\u0142"],"articleSection":["CSR"],"inLanguage":"pl-PL","potentialAction":[{"@type":"CommentAction","name":"Comment","target":["https:\/\/poleasingowe.pl\/blog\/szkola-przyladek\/#respond"]}]},{"@type":"WebPage","@id":"https:\/\/poleasingowe.pl\/blog\/szkola-przyladek\/","url":"https:\/\/poleasingowe.pl\/blog\/szkola-przyladek\/","name":"Szko\u0142a \u201ePrzyl\u0105dek\u201d \u2013 wsparcie dla dzieci ze spektrum autyzmu","isPartOf":{"@id":"https:\/\/poleasingowe.pl\/blog\/#website"},"primaryImageOfPage":{"@id":"https:\/\/poleasingowe.pl\/blog\/szkola-przyladek\/#primaryimage"},"image":{"@id":"https:\/\/poleasingowe.pl\/blog\/szkola-przyladek\/#primaryimage"},"thumbnailUrl":"https:\/\/poleasingowe.pl\/blog\/wp-content\/uploads\/2025\/03\/ZDJECIA-NA-BLOGA-10.jpg","datePublished":"2025-03-31T12:51:01+00:00","dateModified":"2025-03-31T14:16:39+00:00","description":"Odwiedzili\u015bmy szko\u0142\u0119 \u201ePrzyl\u0105dek\u201d w Pruszkowie, kt\u00f3ra wspiera dzieci ze spektrum autyzmu. Zobaczyli\u015bmy, jak wygl\u0105da nauka, terapia i codzienne \u017cycie uczni\u00f3w.","breadcrumb":{"@id":"https:\/\/poleasingowe.pl\/blog\/szkola-przyladek\/#breadcrumb"},"inLanguage":"pl-PL","potentialAction":[{"@type":"ReadAction","target":["https:\/\/poleasingowe.pl\/blog\/szkola-przyladek\/"]}]},{"@type":"ImageObject","inLanguage":"pl-PL","@id":"https:\/\/poleasingowe.pl\/blog\/szkola-przyladek\/#primaryimage","url":"https:\/\/poleasingowe.pl\/blog\/wp-content\/uploads\/2025\/03\/ZDJECIA-NA-BLOGA-10.jpg","contentUrl":"https:\/\/poleasingowe.pl\/blog\/wp-content\/uploads\/2025\/03\/ZDJECIA-NA-BLOGA-10.jpg","width":1050,"height":1050,"caption":"Widok z lotu ptaka na budynek szko\u0142y podstawowej \u201ePrzyl\u0105dek\u201d dla dzieci ze spektrum autyzmu w Pruszkowie, z podpisem informuj\u0105cym o wizycie przedstawicieli poleasingowe.pl."},{"@type":"BreadcrumbList","@id":"https:\/\/poleasingowe.pl\/blog\/szkola-przyladek\/#breadcrumb","itemListElement":[{"@type":"ListItem","position":1,"name":"Strona g\u0142\u00f3wna","item":"https:\/\/poleasingowe.pl\/blog\/"},{"@type":"ListItem","position":2,"name":"Wizyta w szkole \u201ePrzyl\u0105dek\u201d w Pruszkowie \u2013 wsparcie dla dzieci ze spektrum autyzmu"}]},{"@type":"WebSite","@id":"https:\/\/poleasingowe.pl\/blog\/#website","url":"https:\/\/poleasingowe.pl\/blog\/","name":"Blog Poleasingowe.pl","description":"Blog Poleasingowe.pl","publisher":{"@id":"https:\/\/poleasingowe.pl\/blog\/#organization"},"potentialAction":[{"@type":"SearchAction","target":{"@type":"EntryPoint","urlTemplate":"https:\/\/poleasingowe.pl\/blog\/?s={search_term_string}"},"query-input":{"@type":"PropertyValueSpecification","valueRequired":true,"valueName":"search_term_string"}}],"inLanguage":"pl-PL"},{"@type":"Organization","@id":"https:\/\/poleasingowe.pl\/blog\/#organization","name":"Blog Poleasingowe.pl","url":"https:\/\/poleasingowe.pl\/blog\/","logo":{"@type":"ImageObject","inLanguage":"pl-PL","@id":"https:\/\/poleasingowe.pl\/blog\/#\/schema\/logo\/image\/","url":"https:\/\/poleasingowe.pl\/blog\/wp-content\/uploads\/2024\/11\/cropped-fav_red_white.png","contentUrl":"https:\/\/poleasingowe.pl\/blog\/wp-content\/uploads\/2024\/11\/cropped-fav_red_white.png","width":512,"height":512,"caption":"Blog Poleasingowe.pl"},"image":{"@id":"https:\/\/poleasingowe.pl\/blog\/#\/schema\/logo\/image\/"},"sameAs":["https:\/\/www.facebook.com\/poleasingowepl","https:\/\/www.linkedin.com\/showcase\/poleasingowepl\/","https:\/\/www.instagram.com\/poleasingowe.pl\/"]},{"@type":"Person","@id":"https:\/\/poleasingowe.pl\/blog\/#\/schema\/person\/9c7a8e428c930dead255ff5186a27526","name":"p.stachura","image":{"@type":"ImageObject","inLanguage":"pl-PL","@id":"https:\/\/poleasingowe.pl\/blog\/#\/schema\/person\/image\/","url":"https:\/\/secure.gravatar.com\/avatar\/2c3c31054b5086876be4686fc256ac9d?s=96&d=mm&r=g","contentUrl":"https:\/\/secure.gravatar.com\/avatar\/2c3c31054b5086876be4686fc256ac9d?s=96&d=mm&r=g","caption":"p.stachura"},"url":"https:\/\/poleasingowe.pl\/blog\/author\/p-stachura\/"}]}},"meta_box":{"hide_sidebar":""},"_links":{"self":[{"href":"https:\/\/poleasingowe.pl\/blog\/wp-json\/wp\/v2\/posts\/1523"}],"collection":[{"href":"https:\/\/poleasingowe.pl\/blog\/wp-json\/wp\/v2\/posts"}],"about":[{"href":"https:\/\/poleasingowe.pl\/blog\/wp-json\/wp\/v2\/types\/post"}],"author":[{"embeddable":true,"href":"https:\/\/poleasingowe.pl\/blog\/wp-json\/wp\/v2\/users\/10"}],"replies":[{"embeddable":true,"href":"https:\/\/poleasingowe.pl\/blog\/wp-json\/wp\/v2\/comments?post=1523"}],"version-history":[{"count":2,"href":"https:\/\/poleasingowe.pl\/blog\/wp-json\/wp\/v2\/posts\/1523\/revisions"}],"predecessor-version":[{"id":1530,"href":"https:\/\/poleasingowe.pl\/blog\/wp-json\/wp\/v2\/posts\/1523\/revisions\/1530"}],"wp:featuredmedia":[{"embeddable":true,"href":"https:\/\/poleasingowe.pl\/blog\/wp-json\/wp\/v2\/media\/1531"}],"wp:attachment":[{"href":"https:\/\/poleasingowe.pl\/blog\/wp-json\/wp\/v2\/media?parent=1523"}],"wp:term":[{"taxonomy":"category","embeddable":true,"href":"https:\/\/poleasingowe.pl\/blog\/wp-json\/wp\/v2\/categories?post=1523"},{"taxonomy":"post_tag","embeddable":true,"href":"https:\/\/poleasingowe.pl\/blog\/wp-json\/wp\/v2\/tags?post=1523"}],"curies":[{"name":"wp","href":"https:\/\/api.w.org\/{rel}","templated":true}]}}